{"id":17692,"date":"2026-03-29T19:31:58","date_gmt":"2026-03-29T17:31:58","guid":{"rendered":"https:\/\/festmaringota.sk\/?p=17692"},"modified":"2026-04-02T18:43:00","modified_gmt":"2026-04-02T16:43:00","slug":"sun-byrd","status":"publish","type":"post","link":"https:\/\/festmaringota.sk\/en\/2026\/sun-byrd\/","title":{"rendered":"S\u016bn Byrd [NO]"},"content":{"rendered":"\n<p>In Norway, there is the polar day &#8211; but no one will be sleeping at Fest Maringota either. From Scandinavia, a soul all-star team, S\u016bn Byrd, is flying in to join us! Get ready to travel through time and space. Yet, to the sound of bass and a brass section, you won\u2019t find yourself in Norway, but in the American South of the 1960s.<\/p>\n\n\n\n<div class=\"wp-block-group is-nowrap is-layout-flex wp-container-core-group-is-layout-c0d5ccf6 wp-block-group-is-layout-flex\">\n<div id=\"wp-block-themeisle-blocks-font-awesome-icons-427f99bd\" class=\"wp-block-themeisle-blocks-font-awesome-icons\"><span class=\"wp-block-themeisle-blocks-font-awesome-icons-container nan-padding\"><i class=\"fab fa-instagram\"><\/i><\/span><\/div>\n\n\n\n<p class=\"has-base-color has-text-color has-link-color wp-elements-87e63d474012ecd9141f60bfe4ace5d7\"><a href=\"https:\/\/www.instagram.com\/sunbyrd_\" target=\"_blank\" rel=\"noreferrer noopener\">@sunbyrd_<\/a><\/p>\n<\/div>\n\n\n\n<div class=\"wp-block-group is-nowrap is-layout-flex wp-container-core-group-is-layout-c0d5ccf6 wp-block-group-is-layout-flex\">\n<div id=\"wp-block-themeisle-blocks-font-awesome-icons-720cff07\" class=\"wp-block-themeisle-blocks-font-awesome-icons\"><span class=\"wp-block-themeisle-blocks-font-awesome-icons-container nan-padding\"><i class=\"fab fa-spotify\"><\/i><\/span><\/div>\n\n\n\n<p class=\"has-base-color has-text-color has-link-color wp-elements-2f077069251d970332fa85bb925eff4e\"><a href=\"https:\/\/open.spotify.com\/artist\/32PUtLgz3SzD5Ihjdxoa6r\" target=\"_blank\" rel=\"noreferrer noopener\">spotify<\/a><\/p>\n<\/div>\n\n\n\n<p class=\"has-text-align-center has-xx-queen-font-family\" style=\"margin-top:var(--wp--preset--spacing--30);margin-bottom:var(--wp--preset--spacing--30);padding-top:0;padding-bottom:0;font-size:clamp(2.2rem, 2.2rem + ((1vw - 0.2rem) * 3.273), 4rem);\">$ $ $<\/p>\n\n\n\n<figure class=\"wp-block-embed aligncenter is-type-video is-provider-youtube wp-block-embed-youtube wp-embed-aspect-4-3 wp-has-aspect-ratio\"><div class=\"wp-block-embed__wrapper\">\n<iframe loading=\"lazy\" title=\"Dance In The S\u016bn - S\u016bn Byrd\" width=\"500\" height=\"375\" src=\"https:\/\/www.youtube.com\/embed\/XzHgzTcEvNY?feature=oembed\" frameborder=\"0\" allow=\"accelerometer; autoplay; clipboard-write; encrypted-media; gyroscope; picture-in-picture; web-share\" referrerpolicy=\"strict-origin-when-cross-origin\" allowfullscreen><\/iframe>\n<\/div><\/figure>\n\n\n\n<p class=\"has-text-align-center has-xx-queen-font-family\" style=\"margin-top:var(--wp--preset--spacing--30);margin-bottom:var(--wp--preset--spacing--30);padding-top:0;padding-bottom:0;font-size:clamp(2.2rem, 2.2rem + ((1vw - 0.2rem) * 3.273), 4rem);\">$ $ $<\/p>\n\n\n\n<figure class=\"wp-block-embed aligncenter is-type-video is-provider-youtube wp-block-embed-youtube wp-embed-aspect-4-3 wp-has-aspect-ratio\"><div class=\"wp-block-embed__wrapper\">\n<iframe loading=\"lazy\" title=\"Make It Better - S\u016bn Byrd\" width=\"500\" height=\"375\" src=\"https:\/\/www.youtube.com\/embed\/QUw0SmwJvmY?feature=oembed\" frameborder=\"0\" allow=\"accelerometer; autoplay; clipboard-write; encrypted-media; gyroscope; picture-in-picture; web-share\" referrerpolicy=\"strict-origin-when-cross-origin\" allowfullscreen><\/iframe>\n<\/div><\/figure>\n\n\n\n<p class=\"has-text-align-center has-xx-queen-font-family\" style=\"margin-top:var(--wp--preset--spacing--30);margin-bottom:var(--wp--preset--spacing--30);padding-top:0;padding-bottom:0;font-size:clamp(2.2rem, 2.2rem + ((1vw - 0.2rem) * 3.273), 4rem);\">$ $ $<\/p>\n\n\n\n<figure class=\"wp-block-embed is-type-video is-provider-youtube wp-block-embed-youtube wp-embed-aspect-16-9 wp-has-aspect-ratio\"><div class=\"wp-block-embed__wrapper\">\n<iframe loading=\"lazy\" title=\"S\u016bn Byrd - Thinking About You Too\" width=\"500\" height=\"281\" src=\"https:\/\/www.youtube.com\/embed\/dFSb5DIMsok?feature=oembed\" frameborder=\"0\" allow=\"accelerometer; autoplay; clipboard-write; encrypted-media; gyroscope; picture-in-picture; web-share\" referrerpolicy=\"strict-origin-when-cross-origin\" allowfullscreen><\/iframe>\n<\/div><\/figure>\n\n\n\n<p class=\"has-text-align-center has-xx-queen-font-family\" style=\"font-size:clamp(2.2rem, 2.2rem + ((1vw - 0.2rem) * 3.273), 4rem);\">$<\/p>\n","protected":false},"excerpt":{"rendered":"<p>V N\u00f3rsku je pol\u00e1rny de\u0148, ale ani na Maringote sa nebude spa\u0165. Zo \u0160kandin\u00e1vie k n\u00e1m let\u00ed soulov\u00fd allstar team S\u016bn Byrd! <\/p>\n","protected":false},"author":5,"featured_media":17736,"comment_status":"closed","ping_status":"closed","sticky":true,"template":"","format":"standard","meta":{"_monsterinsights_skip_tracking":false,"_monsterinsights_sitenote_active":false,"_monsterinsights_sitenote_note":"","_monsterinsights_sitenote_category":0,"_EventAllDay":false,"_EventTimezone":"","_EventStartDate":"","_EventEndDate":"","_EventStartDateUTC":"","_EventEndDateUTC":"","_EventShowMap":false,"_EventShowMapLink":false,"_EventURL":"","_EventCost":"","_EventCostDescription":"","_EventCurrencySymbol":"","_EventCurrencyCode":"","_EventCurrencyPosition":"","_EventDateTimeSeparator":"","_EventTimeRangeSeparator":"","_EventOrganizerID":[],"_EventVenueID":[],"_OrganizerEmail":"","_OrganizerPhone":"","_OrganizerWebsite":"","_VenueAddress":"","_VenueCity":"","_VenueCountry":"","_VenueProvince":"","_VenueState":"","_VenueZip":"","_VenuePhone":"","_VenueURL":"","_VenueStateProvince":"","_VenueLat":"","_VenueLng":"","_VenueShowMap":false,"_VenueShowMapLink":false,"_themeisle_gutenberg_block_has_review":false,"footnotes":""},"categories":[23],"tags":[35,33,32],"class_list":["post-17692","post","type-post","status-publish","format-standard","has-post-thumbnail","hentry","category-23","tag-koncert","tag-soul","tag-sun-byrd"],"translation":{"provider":"WPGlobus","version":"3.0.2","language":"en","enabled_languages":["sk","en","sa"],"languages":{"sk":{"title":true,"content":true,"excerpt":true},"en":{"title":true,"content":true,"excerpt":false},"sa":{"title":true,"content":true,"excerpt":false}}},"yoast_head":"<!-- This site is optimized with the Yoast SEO plugin v27.3 - https:\/\/yoast.com\/product\/yoast-seo-wordpress\/ -->\n<title>\u2055 S\u016bn Byrd [NO] \u2055 FEST MARINGOTA 2026<\/title>\n<meta name=\"robots\" content=\"index, follow, max-snippet:-1, max-image-preview:large, max-video-preview:-1\" \/>\n<link rel=\"canonical\" href=\"https:\/\/festmaringota.sk\/en\/2026\/sun-byrd\/\" \/>\n<meta property=\"og:locale\" content=\"en_US\" \/>\n<meta property=\"og:type\" content=\"article\" \/>\n<meta property=\"og:title\" content=\"\u2055 S\u016bn Byrd [NO] \u2055 FEST MARINGOTA 2026\" \/>\n<meta property=\"og:url\" content=\"https:\/\/festmaringota.sk\/en\/2026\/sun-byrd\/\" \/>\n<meta property=\"og:site_name\" content=\"FEST MARINGOTA 2026\" \/>\n<meta property=\"article:publisher\" content=\"https:\/\/www.facebook.com\/MaringotaFest\" \/>\n<meta property=\"article:published_time\" content=\"2026-03-29T17:31:58+00:00\" \/>\n<meta property=\"article:modified_time\" content=\"2026-04-02T16:43:00+00:00\" \/>\n<meta property=\"og:image\" content=\"https:\/\/festmaringota.sk\/wp-content\/uploads\/2026\/03\/Sun-Byrd.jpg\" \/>\n\t<meta property=\"og:image:width\" content=\"2560\" \/>\n\t<meta property=\"og:image:height\" content=\"1705\" \/>\n\t<meta property=\"og:image:type\" content=\"image\/jpeg\" \/>\n<meta name=\"author\" content=\"Alexander\" \/>\n<meta name=\"twitter:card\" content=\"summary_large_image\" \/>\n<meta name=\"twitter:label1\" content=\"Written by\" \/>\n\t<meta name=\"twitter:data1\" content=\"Alexander\" \/>\n\t<meta name=\"twitter:label2\" content=\"Est. reading time\" \/>\n\t<meta name=\"twitter:data2\" content=\"2 minutes\" \/>\n<script type=\"application\/ld+json\" class=\"yoast-schema-graph\">{\"@context\":\"https:\\\/\\\/schema.org\",\"@graph\":[{\"@type\":\"Article\",\"@id\":\"https:\\\/\\\/festmaringota.sk\\\/en\\\/2026\\\/sun-byrd\\\/#article\",\"isPartOf\":{\"@id\":\"https:\\\/\\\/festmaringota.sk\\\/en\\\/2026\\\/sun-byrd\\\/\"},\"author\":{\"name\":\"Alexander\",\"@id\":\"https:\\\/\\\/festmaringota.sk\\\/#\\\/schema\\\/person\\\/07ad30565a693438e65db8877844c31d\"},\"headline\":\"S\u016bn Byrd [NO]\",\"datePublished\":\"2026-03-29T17:31:58+00:00\",\"dateModified\":\"2026-04-02T16:43:00+00:00\",\"mainEntityOfPage\":{\"@id\":\"https:\\\/\\\/festmaringota.sk\\\/en\\\/2026\\\/sun-byrd\\\/\"},\"wordCount\":266,\"publisher\":{\"@id\":\"https:\\\/\\\/festmaringota.sk\\\/#organization\"},\"image\":{\"@id\":\"https:\\\/\\\/festmaringota.sk\\\/en\\\/2026\\\/sun-byrd\\\/#primaryimage\"},\"thumbnailUrl\":\"https:\\\/\\\/festmaringota.sk\\\/wp-content\\\/uploads\\\/2026\\\/03\\\/Sun-Byrd.jpg\",\"keywords\":[\"koncert\",\"soul\",\"S\u016bn Byrd\"],\"articleSection\":[\"2026\"],\"inLanguage\":\"en-US\"},{\"@type\":\"WebPage\",\"@id\":\"https:\\\/\\\/festmaringota.sk\\\/en\\\/2026\\\/sun-byrd\\\/\",\"url\":\"https:\\\/\\\/festmaringota.sk\\\/en\\\/2026\\\/sun-byrd\\\/\",\"name\":\"\u2055 S\u016bn Byrd [NO] \u2055 FEST MARINGOTA 2026\",\"isPartOf\":{\"@id\":\"https:\\\/\\\/festmaringota.sk\\\/#website\"},\"primaryImageOfPage\":{\"@id\":\"https:\\\/\\\/festmaringota.sk\\\/en\\\/2026\\\/sun-byrd\\\/#primaryimage\"},\"image\":{\"@id\":\"https:\\\/\\\/festmaringota.sk\\\/en\\\/2026\\\/sun-byrd\\\/#primaryimage\"},\"thumbnailUrl\":\"https:\\\/\\\/festmaringota.sk\\\/wp-content\\\/uploads\\\/2026\\\/03\\\/Sun-Byrd.jpg\",\"datePublished\":\"2026-03-29T17:31:58+00:00\",\"dateModified\":\"2026-04-02T16:43:00+00:00\",\"description\":\"V N\u00f3rsku je pol\u00e1rny de\u0148, ale ani na Maringote sa nebude spa\u0165. Zo \u0160kandin\u00e1vie k n\u00e1m let\u00ed soulov\u00fd allstar team S\u016bn Byrd!\",\"breadcrumb\":{\"@id\":\"https:\\\/\\\/festmaringota.sk\\\/en\\\/2026\\\/sun-byrd\\\/#breadcrumb\"},\"inLanguage\":\"en-US\",\"potentialAction\":[{\"@type\":\"ReadAction\",\"target\":[\"https:\\\/\\\/festmaringota.sk\\\/en\\\/2026\\\/sun-byrd\\\/\"]}]},{\"@type\":\"ImageObject\",\"inLanguage\":\"en-US\",\"@id\":\"https:\\\/\\\/festmaringota.sk\\\/en\\\/2026\\\/sun-byrd\\\/#primaryimage\",\"url\":\"https:\\\/\\\/festmaringota.sk\\\/wp-content\\\/uploads\\\/2026\\\/03\\\/Sun-Byrd.jpg\",\"contentUrl\":\"https:\\\/\\\/festmaringota.sk\\\/wp-content\\\/uploads\\\/2026\\\/03\\\/Sun-Byrd.jpg\",\"width\":2560,\"height\":1705},{\"@type\":\"BreadcrumbList\",\"@id\":\"https:\\\/\\\/festmaringota.sk\\\/en\\\/2026\\\/sun-byrd\\\/#breadcrumb\",\"itemListElement\":[{\"@type\":\"ListItem\",\"position\":1,\"name\":\"Domovsk\u00e1 str\u00e1nka\",\"item\":\"https:\\\/\\\/festmaringota.sk\\\/\"},{\"@type\":\"ListItem\",\"position\":2,\"name\":\"S\u016bn Byrd [NO]\"}]},{\"@type\":\"WebSite\",\"@id\":\"https:\\\/\\\/festmaringota.sk\\\/#website\",\"url\":\"https:\\\/\\\/festmaringota.sk\\\/\",\"name\":\"FEST MARINGOTA 2026\",\"description\":\"Fest hudba, Fest z\u00e1bava, Fest Maringota\",\"publisher\":{\"@id\":\"https:\\\/\\\/festmaringota.sk\\\/#organization\"},\"alternateName\":\"FEST MARINGOTA\",\"potentialAction\":[{\"@type\":\"SearchAction\",\"target\":{\"@type\":\"EntryPoint\",\"urlTemplate\":\"https:\\\/\\\/festmaringota.sk\\\/?s={search_term_string}\"},\"query-input\":{\"@type\":\"PropertyValueSpecification\",\"valueRequired\":true,\"valueName\":\"search_term_string\"}}],\"inLanguage\":\"en-US\"},{\"@type\":\"Organization\",\"@id\":\"https:\\\/\\\/festmaringota.sk\\\/#organization\",\"name\":\"Fest Maringota\",\"alternateName\":\"maringota fest\",\"url\":\"https:\\\/\\\/festmaringota.sk\\\/\",\"logo\":{\"@type\":\"ImageObject\",\"inLanguage\":\"en-US\",\"@id\":\"https:\\\/\\\/festmaringota.sk\\\/#\\\/schema\\\/logo\\\/image\\\/\",\"url\":\"https:\\\/\\\/festmaringota.sk\\\/wp-content\\\/uploads\\\/2023\\\/01\\\/cropped-maringota-logo-2.png\",\"contentUrl\":\"https:\\\/\\\/festmaringota.sk\\\/wp-content\\\/uploads\\\/2023\\\/01\\\/cropped-maringota-logo-2.png\",\"width\":512,\"height\":512,\"caption\":\"Fest Maringota\"},\"image\":{\"@id\":\"https:\\\/\\\/festmaringota.sk\\\/#\\\/schema\\\/logo\\\/image\\\/\"},\"sameAs\":[\"https:\\\/\\\/www.facebook.com\\\/MaringotaFest\",\"https:\\\/\\\/www.instagram.com\\\/festmaringota\\\/\"]},{\"@type\":\"Person\",\"@id\":\"https:\\\/\\\/festmaringota.sk\\\/#\\\/schema\\\/person\\\/07ad30565a693438e65db8877844c31d\",\"name\":\"Alexander\",\"image\":{\"@type\":\"ImageObject\",\"inLanguage\":\"en-US\",\"@id\":\"https:\\\/\\\/secure.gravatar.com\\\/avatar\\\/5d3987380b10bed1bce390d5c3496ebe8edff0ba9099dc02109a7098fadcb4db?s=96&d=mm&r=g\",\"url\":\"https:\\\/\\\/secure.gravatar.com\\\/avatar\\\/5d3987380b10bed1bce390d5c3496ebe8edff0ba9099dc02109a7098fadcb4db?s=96&d=mm&r=g\",\"contentUrl\":\"https:\\\/\\\/secure.gravatar.com\\\/avatar\\\/5d3987380b10bed1bce390d5c3496ebe8edff0ba9099dc02109a7098fadcb4db?s=96&d=mm&r=g\",\"caption\":\"Alexander\"},\"url\":\"https:\\\/\\\/festmaringota.sk\\\/en\\\/author\\\/suulsak\\\/\"}]}<\/script>\n<!-- \/ Yoast SEO plugin. -->","yoast_head_json":{"title":"\u2055 S\u016bn Byrd [NO] \u2055 FEST MARINGOTA 2026","robots":{"index":"index","follow":"follow","max-snippet":"max-snippet:-1","max-image-preview":"max-image-preview:large","max-video-preview":"max-video-preview:-1"},"canonical":"https:\/\/festmaringota.sk\/en\/2026\/sun-byrd\/","og_locale":"en_US","og_type":"article","og_title":"\u2055 S\u016bn Byrd [NO] \u2055 FEST MARINGOTA 2026","og_url":"https:\/\/festmaringota.sk\/en\/2026\/sun-byrd\/","og_site_name":"FEST MARINGOTA 2026","article_publisher":"https:\/\/www.facebook.com\/MaringotaFest","article_published_time":"2026-03-29T17:31:58+00:00","article_modified_time":"2026-04-02T16:43:00+00:00","og_image":[{"width":2560,"height":1705,"url":"https:\/\/festmaringota.sk\/wp-content\/uploads\/2026\/03\/Sun-Byrd.jpg","type":"image\/jpeg"}],"author":"Alexander","twitter_card":"summary_large_image","twitter_misc":{"Written by":"Alexander","Est. reading time":"2 minutes"},"schema":{"@context":"https:\/\/schema.org","@graph":[{"@type":"Article","@id":"https:\/\/festmaringota.sk\/en\/2026\/sun-byrd\/#article","isPartOf":{"@id":"https:\/\/festmaringota.sk\/en\/2026\/sun-byrd\/"},"author":{"name":"Alexander","@id":"https:\/\/festmaringota.sk\/#\/schema\/person\/07ad30565a693438e65db8877844c31d"},"headline":"S\u016bn Byrd [NO]","datePublished":"2026-03-29T17:31:58+00:00","dateModified":"2026-04-02T16:43:00+00:00","mainEntityOfPage":{"@id":"https:\/\/festmaringota.sk\/en\/2026\/sun-byrd\/"},"wordCount":266,"publisher":{"@id":"https:\/\/festmaringota.sk\/#organization"},"image":{"@id":"https:\/\/festmaringota.sk\/en\/2026\/sun-byrd\/#primaryimage"},"thumbnailUrl":"https:\/\/festmaringota.sk\/wp-content\/uploads\/2026\/03\/Sun-Byrd.jpg","keywords":["koncert","soul","S\u016bn Byrd"],"articleSection":["2026"],"inLanguage":"en-US"},{"@type":"WebPage","@id":"https:\/\/festmaringota.sk\/en\/2026\/sun-byrd\/","url":"https:\/\/festmaringota.sk\/en\/2026\/sun-byrd\/","name":"\u2055 S\u016bn Byrd [NO] \u2055 FEST MARINGOTA 2026","isPartOf":{"@id":"https:\/\/festmaringota.sk\/#website"},"primaryImageOfPage":{"@id":"https:\/\/festmaringota.sk\/en\/2026\/sun-byrd\/#primaryimage"},"image":{"@id":"https:\/\/festmaringota.sk\/en\/2026\/sun-byrd\/#primaryimage"},"thumbnailUrl":"https:\/\/festmaringota.sk\/wp-content\/uploads\/2026\/03\/Sun-Byrd.jpg","datePublished":"2026-03-29T17:31:58+00:00","dateModified":"2026-04-02T16:43:00+00:00","description":"V N\u00f3rsku je pol\u00e1rny de\u0148, ale ani na Maringote sa nebude spa\u0165. Zo \u0160kandin\u00e1vie k n\u00e1m let\u00ed soulov\u00fd allstar team S\u016bn Byrd!","breadcrumb":{"@id":"https:\/\/festmaringota.sk\/en\/2026\/sun-byrd\/#breadcrumb"},"inLanguage":"en-US","potentialAction":[{"@type":"ReadAction","target":["https:\/\/festmaringota.sk\/en\/2026\/sun-byrd\/"]}]},{"@type":"ImageObject","inLanguage":"en-US","@id":"https:\/\/festmaringota.sk\/en\/2026\/sun-byrd\/#primaryimage","url":"https:\/\/festmaringota.sk\/wp-content\/uploads\/2026\/03\/Sun-Byrd.jpg","contentUrl":"https:\/\/festmaringota.sk\/wp-content\/uploads\/2026\/03\/Sun-Byrd.jpg","width":2560,"height":1705},{"@type":"BreadcrumbList","@id":"https:\/\/festmaringota.sk\/en\/2026\/sun-byrd\/#breadcrumb","itemListElement":[{"@type":"ListItem","position":1,"name":"Domovsk\u00e1 str\u00e1nka","item":"https:\/\/festmaringota.sk\/"},{"@type":"ListItem","position":2,"name":"S\u016bn Byrd [NO]"}]},{"@type":"WebSite","@id":"https:\/\/festmaringota.sk\/#website","url":"https:\/\/festmaringota.sk\/","name":"FEST MARINGOTA 2026","description":"Fest hudba, Fest z\u00e1bava, Fest Maringota","publisher":{"@id":"https:\/\/festmaringota.sk\/#organization"},"alternateName":"FEST MARINGOTA","potentialAction":[{"@type":"SearchAction","target":{"@type":"EntryPoint","urlTemplate":"https:\/\/festmaringota.sk\/?s={search_term_string}"},"query-input":{"@type":"PropertyValueSpecification","valueRequired":true,"valueName":"search_term_string"}}],"inLanguage":"en-US"},{"@type":"Organization","@id":"https:\/\/festmaringota.sk\/#organization","name":"Fest Maringota","alternateName":"maringota fest","url":"https:\/\/festmaringota.sk\/","logo":{"@type":"ImageObject","inLanguage":"en-US","@id":"https:\/\/festmaringota.sk\/#\/schema\/logo\/image\/","url":"https:\/\/festmaringota.sk\/wp-content\/uploads\/2023\/01\/cropped-maringota-logo-2.png","contentUrl":"https:\/\/festmaringota.sk\/wp-content\/uploads\/2023\/01\/cropped-maringota-logo-2.png","width":512,"height":512,"caption":"Fest Maringota"},"image":{"@id":"https:\/\/festmaringota.sk\/#\/schema\/logo\/image\/"},"sameAs":["https:\/\/www.facebook.com\/MaringotaFest","https:\/\/www.instagram.com\/festmaringota\/"]},{"@type":"Person","@id":"https:\/\/festmaringota.sk\/#\/schema\/person\/07ad30565a693438e65db8877844c31d","name":"Alexander","image":{"@type":"ImageObject","inLanguage":"en-US","@id":"https:\/\/secure.gravatar.com\/avatar\/5d3987380b10bed1bce390d5c3496ebe8edff0ba9099dc02109a7098fadcb4db?s=96&d=mm&r=g","url":"https:\/\/secure.gravatar.com\/avatar\/5d3987380b10bed1bce390d5c3496ebe8edff0ba9099dc02109a7098fadcb4db?s=96&d=mm&r=g","contentUrl":"https:\/\/secure.gravatar.com\/avatar\/5d3987380b10bed1bce390d5c3496ebe8edff0ba9099dc02109a7098fadcb4db?s=96&d=mm&r=g","caption":"Alexander"},"url":"https:\/\/festmaringota.sk\/en\/author\/suulsak\/"}]}},"_links":{"self":[{"href":"https:\/\/festmaringota.sk\/en\/wp-json\/wp\/v2\/posts\/17692","targetHints":{"allow":["GET"]}}],"collection":[{"href":"https:\/\/festmaringota.sk\/en\/wp-json\/wp\/v2\/posts"}],"about":[{"href":"https:\/\/festmaringota.sk\/en\/wp-json\/wp\/v2\/types\/post"}],"author":[{"embeddable":true,"href":"https:\/\/festmaringota.sk\/en\/wp-json\/wp\/v2\/users\/5"}],"replies":[{"embeddable":true,"href":"https:\/\/festmaringota.sk\/en\/wp-json\/wp\/v2\/comments?post=17692"}],"version-history":[{"count":5,"href":"https:\/\/festmaringota.sk\/en\/wp-json\/wp\/v2\/posts\/17692\/revisions"}],"predecessor-version":[{"id":17744,"href":"https:\/\/festmaringota.sk\/en\/wp-json\/wp\/v2\/posts\/17692\/revisions\/17744"}],"wp:featuredmedia":[{"embeddable":true,"href":"https:\/\/festmaringota.sk\/en\/wp-json\/wp\/v2\/media\/17736"}],"wp:attachment":[{"href":"https:\/\/festmaringota.sk\/en\/wp-json\/wp\/v2\/media?parent=17692"}],"wp:term":[{"taxonomy":"category","embeddable":true,"href":"https:\/\/festmaringota.sk\/en\/wp-json\/wp\/v2\/categories?post=17692"},{"taxonomy":"post_tag","embeddable":true,"href":"https:\/\/festmaringota.sk\/en\/wp-json\/wp\/v2\/tags?post=17692"}],"curies":[{"name":"wp","href":"https:\/\/api.w.org\/{rel}","templated":true}]}}