{"id":16830,"date":"2024-03-03T23:17:18","date_gmt":"2024-03-03T22:17:18","guid":{"rendered":"https:\/\/festmaringota.sk\/?p=16830"},"modified":"2026-04-02T18:38:50","modified_gmt":"2026-04-02T16:38:50","slug":"orchester-jeana-valjeana-festival-maringota-2024","status":"publish","type":"post","link":"https:\/\/festmaringota.sk\/en\/fest-maringota-2024\/orchester-jeana-valjeana-festival-maringota-2024\/","title":{"rendered":"Orchester\u2028Jeana\u2028Valjeana"},"content":{"rendered":"\n<div class=\"wp-block-group has-base-background-color has-background has-global-padding is-layout-constrained wp-block-group-is-layout-constrained\">\n<p>Na Fest Maringota v auguste zav\u00edta jedine\u010dn\u00e1 <a href=\"https:\/\/www.facebook.com\/profile.php?id=100041790884188&amp;__tn__=-]K*F\">herecko-hudobn\u00edcka kapela<\/a>\u00a0Orchester Jeana Valjeana!<\/p>\n\n\n\n<p>\u010clenmi tejto kapely s\u00fa zn\u00e1mi herci i hudobn\u00edci &#8211; spev\u00e1kom, gitaristom a autorom v\u00e4\u010d\u0161iny textov je Daniel Fischer (\u010dlen \u010dinohry SND), vok\u00e1ly a perkusie m\u00e1 na starosti Luk\u00e1\u0161 D\u00f3za, kl\u00e1vesy a vok\u00e1l Daniel \u017dul\u010d\u00e1k, na basgitaru hr\u00e1 Fedor Fre\u0161o a bicie Vojtech Geleta.<\/p>\n\n\n\n<p>Orchester m\u00f4\u017eete vidie\u0165 na <a href=\"https:\/\/festmaringota.sk\/vstupenky\/\">Fest Maringota 2024<\/a><\/p>\n<\/div>\n\n\n\n<figure class=\"wp-block-embed is-type-video is-provider-youtube wp-block-embed-youtube wp-embed-aspect-16-9 wp-has-aspect-ratio\"><div class=\"wp-block-embed__wrapper\">\n<iframe loading=\"lazy\" title=\"Orchester Jeana Valjeana (OJV) - Nad Tatrou |Official Video|\" width=\"500\" height=\"281\" src=\"https:\/\/www.youtube.com\/embed\/2Laj7vP9HKU?feature=oembed\" frameborder=\"0\" allow=\"accelerometer; autoplay; clipboard-write; encrypted-media; gyroscope; picture-in-picture; web-share\" referrerpolicy=\"strict-origin-when-cross-origin\" allowfullscreen><\/iframe>\n<\/div><\/figure>\n","protected":false},"excerpt":{"rendered":"<p>Na Fest Maringota v auguste zav\u00edta jedine\u010dn\u00e1 herecko-hudobn\u00edcka kapela\u00a0Orchester Jeana Valjeana! \u010clenmi tejto kapely s\u00fa zn\u00e1mi herci i hudobn\u00edci &#8211; spev\u00e1kom, gitaristom a autorom v\u00e4\u010d\u0161iny textov je Daniel Fischer (\u010dlen [&hellip;]<\/p>\n","protected":false},"author":2,"featured_media":16831,"comment_status":"closed","ping_status":"closed","sticky":false,"template":"","format":"standard","meta":{"_monsterinsights_skip_tracking":false,"_monsterinsights_sitenote_active":false,"_monsterinsights_sitenote_note":"","_monsterinsights_sitenote_category":0,"_EventAllDay":false,"_EventTimezone":"","_EventStartDate":"","_EventEndDate":"","_EventStartDateUTC":"","_EventEndDateUTC":"","_EventShowMap":false,"_EventShowMapLink":false,"_EventURL":"","_EventCost":"","_EventCostDescription":"","_EventCurrencySymbol":"","_EventCurrencyCode":"","_EventCurrencyPosition":"","_EventDateTimeSeparator":"","_EventTimeRangeSeparator":"","_EventOrganizerID":[],"_EventVenueID":[],"_OrganizerEmail":"","_OrganizerPhone":"","_OrganizerWebsite":"","_VenueAddress":"","_VenueCity":"","_VenueCountry":"","_VenueProvince":"","_VenueState":"","_VenueZip":"","_VenuePhone":"","_VenueURL":"","_VenueStateProvince":"","_VenueLat":"","_VenueLng":"","_VenueShowMap":false,"_VenueShowMapLink":false,"_themeisle_gutenberg_block_has_review":false,"footnotes":""},"categories":[10],"tags":[9],"class_list":["post-16830","post","type-post","status-publish","format-standard","has-post-thumbnail","hentry","category-fest-maringota-2024","tag-9"],"translation":{"provider":"WPGlobus","version":"3.0.2","language":"en","enabled_languages":["sk","en","sa"],"languages":{"sk":{"title":true,"content":true,"excerpt":false},"en":{"title":false,"content":false,"excerpt":false},"sa":{"title":false,"content":false,"excerpt":false}}},"yoast_head":"<!-- This site is optimized with the Yoast SEO plugin v27.3 - https:\/\/yoast.com\/product\/yoast-seo-wordpress\/ -->\n<title>\u2055 Orchester\u2028Jeana\u2028Valjeana \u2055 FEST MARINGOTA 2026<\/title>\n<meta name=\"robots\" content=\"index, follow, max-snippet:-1, max-image-preview:large, max-video-preview:-1\" \/>\n<link rel=\"canonical\" href=\"https:\/\/festmaringota.sk\/en\/fest-maringota-2024\/orchester-jeana-valjeana-festival-maringota-2024\/\" \/>\n<meta property=\"og:locale\" content=\"en_US\" \/>\n<meta property=\"og:type\" content=\"article\" \/>\n<meta property=\"og:title\" content=\"\u2055 Orchester\u2028Jeana\u2028Valjeana \u2055 FEST MARINGOTA 2026\" \/>\n<meta property=\"og:url\" content=\"https:\/\/festmaringota.sk\/en\/fest-maringota-2024\/orchester-jeana-valjeana-festival-maringota-2024\/\" \/>\n<meta property=\"og:site_name\" content=\"FEST MARINGOTA 2026\" \/>\n<meta property=\"article:publisher\" content=\"https:\/\/www.facebook.com\/MaringotaFest\" \/>\n<meta property=\"article:published_time\" content=\"2024-03-03T22:17:18+00:00\" \/>\n<meta property=\"article:modified_time\" content=\"2026-04-02T16:38:50+00:00\" \/>\n<meta property=\"og:image\" content=\"https:\/\/festmaringota.sk\/wp-content\/uploads\/2024\/03\/OJV-1.png\" \/>\n\t<meta property=\"og:image:width\" content=\"895\" \/>\n\t<meta property=\"og:image:height\" content=\"420\" \/>\n\t<meta property=\"og:image:type\" content=\"image\/png\" \/>\n<meta name=\"author\" content=\"Viliam Zaj\u00ed\u010dek\" \/>\n<meta name=\"twitter:card\" content=\"summary_large_image\" \/>\n<meta name=\"twitter:label1\" content=\"Written by\" \/>\n\t<meta name=\"twitter:data1\" content=\"Viliam Zaj\u00ed\u010dek\" \/>\n\t<meta name=\"twitter:label2\" content=\"Est. reading time\" \/>\n\t<meta name=\"twitter:data2\" content=\"1 minute\" \/>\n<script type=\"application\/ld+json\" class=\"yoast-schema-graph\">{\"@context\":\"https:\\\/\\\/schema.org\",\"@graph\":[{\"@type\":\"Article\",\"@id\":\"https:\\\/\\\/festmaringota.sk\\\/en\\\/fest-maringota-2024\\\/orchester-jeana-valjeana-festival-maringota-2024\\\/#article\",\"isPartOf\":{\"@id\":\"https:\\\/\\\/festmaringota.sk\\\/en\\\/fest-maringota-2024\\\/orchester-jeana-valjeana-festival-maringota-2024\\\/\"},\"author\":{\"name\":\"Viliam Zaj\u00ed\u010dek\",\"@id\":\"https:\\\/\\\/festmaringota.sk\\\/#\\\/schema\\\/person\\\/d1d4afcecb7e4774ce071ac23f7804e0\"},\"headline\":\"Orchester\\u2028Jeana\\u2028Valjeana\",\"datePublished\":\"2024-03-03T22:17:18+00:00\",\"dateModified\":\"2026-04-02T16:38:50+00:00\",\"mainEntityOfPage\":{\"@id\":\"https:\\\/\\\/festmaringota.sk\\\/en\\\/fest-maringota-2024\\\/orchester-jeana-valjeana-festival-maringota-2024\\\/\"},\"wordCount\":87,\"publisher\":{\"@id\":\"https:\\\/\\\/festmaringota.sk\\\/#organization\"},\"image\":{\"@id\":\"https:\\\/\\\/festmaringota.sk\\\/en\\\/fest-maringota-2024\\\/orchester-jeana-valjeana-festival-maringota-2024\\\/#primaryimage\"},\"thumbnailUrl\":\"https:\\\/\\\/festmaringota.sk\\\/wp-content\\\/uploads\\\/2024\\\/03\\\/OJV-1.png\",\"keywords\":[\"2024\"],\"articleSection\":[\"2024\"],\"inLanguage\":\"en-US\"},{\"@type\":\"WebPage\",\"@id\":\"https:\\\/\\\/festmaringota.sk\\\/en\\\/fest-maringota-2024\\\/orchester-jeana-valjeana-festival-maringota-2024\\\/\",\"url\":\"https:\\\/\\\/festmaringota.sk\\\/en\\\/fest-maringota-2024\\\/orchester-jeana-valjeana-festival-maringota-2024\\\/\",\"name\":\"\u2055 Orchester\\u2028Jeana\\u2028Valjeana \u2055 FEST MARINGOTA 2026\",\"isPartOf\":{\"@id\":\"https:\\\/\\\/festmaringota.sk\\\/#website\"},\"primaryImageOfPage\":{\"@id\":\"https:\\\/\\\/festmaringota.sk\\\/en\\\/fest-maringota-2024\\\/orchester-jeana-valjeana-festival-maringota-2024\\\/#primaryimage\"},\"image\":{\"@id\":\"https:\\\/\\\/festmaringota.sk\\\/en\\\/fest-maringota-2024\\\/orchester-jeana-valjeana-festival-maringota-2024\\\/#primaryimage\"},\"thumbnailUrl\":\"https:\\\/\\\/festmaringota.sk\\\/wp-content\\\/uploads\\\/2024\\\/03\\\/OJV-1.png\",\"datePublished\":\"2024-03-03T22:17:18+00:00\",\"dateModified\":\"2026-04-02T16:38:50+00:00\",\"description\":\"Legend\u00e1rny Orchester\\u2028Jeana\\u2028Valjeana vyst\u00fapi na Fest Maringota 2024 v plnej zostave \\\/ Festival Maringota 16.-18. august 2024 \\\/ Skalica\",\"breadcrumb\":{\"@id\":\"https:\\\/\\\/festmaringota.sk\\\/en\\\/fest-maringota-2024\\\/orchester-jeana-valjeana-festival-maringota-2024\\\/#breadcrumb\"},\"inLanguage\":\"en-US\",\"potentialAction\":[{\"@type\":\"ReadAction\",\"target\":[\"https:\\\/\\\/festmaringota.sk\\\/en\\\/fest-maringota-2024\\\/orchester-jeana-valjeana-festival-maringota-2024\\\/\"]}]},{\"@type\":\"ImageObject\",\"inLanguage\":\"en-US\",\"@id\":\"https:\\\/\\\/festmaringota.sk\\\/en\\\/fest-maringota-2024\\\/orchester-jeana-valjeana-festival-maringota-2024\\\/#primaryimage\",\"url\":\"https:\\\/\\\/festmaringota.sk\\\/wp-content\\\/uploads\\\/2024\\\/03\\\/OJV-1.png\",\"contentUrl\":\"https:\\\/\\\/festmaringota.sk\\\/wp-content\\\/uploads\\\/2024\\\/03\\\/OJV-1.png\",\"width\":895,\"height\":420,\"caption\":\"Orchester\\u2028Jeana\\u2028Valjeana na Fest Maringota 2024\"},{\"@type\":\"BreadcrumbList\",\"@id\":\"https:\\\/\\\/festmaringota.sk\\\/en\\\/fest-maringota-2024\\\/orchester-jeana-valjeana-festival-maringota-2024\\\/#breadcrumb\",\"itemListElement\":[{\"@type\":\"ListItem\",\"position\":1,\"name\":\"Domovsk\u00e1 str\u00e1nka\",\"item\":\"https:\\\/\\\/festmaringota.sk\\\/\"},{\"@type\":\"ListItem\",\"position\":2,\"name\":\"Orchester\\u2028Jeana\\u2028Valjeana\"}]},{\"@type\":\"WebSite\",\"@id\":\"https:\\\/\\\/festmaringota.sk\\\/#website\",\"url\":\"https:\\\/\\\/festmaringota.sk\\\/\",\"name\":\"FEST MARINGOTA 2026\",\"description\":\"Fest hudba, Fest z\u00e1bava, Fest Maringota\",\"publisher\":{\"@id\":\"https:\\\/\\\/festmaringota.sk\\\/#organization\"},\"alternateName\":\"FEST MARINGOTA\",\"potentialAction\":[{\"@type\":\"SearchAction\",\"target\":{\"@type\":\"EntryPoint\",\"urlTemplate\":\"https:\\\/\\\/festmaringota.sk\\\/?s={search_term_string}\"},\"query-input\":{\"@type\":\"PropertyValueSpecification\",\"valueRequired\":true,\"valueName\":\"search_term_string\"}}],\"inLanguage\":\"en-US\"},{\"@type\":\"Organization\",\"@id\":\"https:\\\/\\\/festmaringota.sk\\\/#organization\",\"name\":\"Fest Maringota\",\"alternateName\":\"maringota fest\",\"url\":\"https:\\\/\\\/festmaringota.sk\\\/\",\"logo\":{\"@type\":\"ImageObject\",\"inLanguage\":\"en-US\",\"@id\":\"https:\\\/\\\/festmaringota.sk\\\/#\\\/schema\\\/logo\\\/image\\\/\",\"url\":\"https:\\\/\\\/festmaringota.sk\\\/wp-content\\\/uploads\\\/2023\\\/01\\\/cropped-maringota-logo-2.png\",\"contentUrl\":\"https:\\\/\\\/festmaringota.sk\\\/wp-content\\\/uploads\\\/2023\\\/01\\\/cropped-maringota-logo-2.png\",\"width\":512,\"height\":512,\"caption\":\"Fest Maringota\"},\"image\":{\"@id\":\"https:\\\/\\\/festmaringota.sk\\\/#\\\/schema\\\/logo\\\/image\\\/\"},\"sameAs\":[\"https:\\\/\\\/www.facebook.com\\\/MaringotaFest\",\"https:\\\/\\\/www.instagram.com\\\/festmaringota\\\/\"]},{\"@type\":\"Person\",\"@id\":\"https:\\\/\\\/festmaringota.sk\\\/#\\\/schema\\\/person\\\/d1d4afcecb7e4774ce071ac23f7804e0\",\"name\":\"Viliam Zaj\u00ed\u010dek\",\"image\":{\"@type\":\"ImageObject\",\"inLanguage\":\"en-US\",\"@id\":\"https:\\\/\\\/secure.gravatar.com\\\/avatar\\\/d47c9041710caa342b31a77a33b7de9c05ac3c473a17ae8b944b07c86725658e?s=96&d=mm&r=g\",\"url\":\"https:\\\/\\\/secure.gravatar.com\\\/avatar\\\/d47c9041710caa342b31a77a33b7de9c05ac3c473a17ae8b944b07c86725658e?s=96&d=mm&r=g\",\"contentUrl\":\"https:\\\/\\\/secure.gravatar.com\\\/avatar\\\/d47c9041710caa342b31a77a33b7de9c05ac3c473a17ae8b944b07c86725658e?s=96&d=mm&r=g\",\"caption\":\"Viliam Zaj\u00ed\u010dek\"},\"url\":\"https:\\\/\\\/festmaringota.sk\\\/en\\\/author\\\/vilo\\\/\"}]}<\/script>\n<!-- \/ Yoast SEO plugin. -->","yoast_head_json":{"title":"\u2055 Orchester\u2028Jeana\u2028Valjeana \u2055 FEST MARINGOTA 2026","robots":{"index":"index","follow":"follow","max-snippet":"max-snippet:-1","max-image-preview":"max-image-preview:large","max-video-preview":"max-video-preview:-1"},"canonical":"https:\/\/festmaringota.sk\/en\/fest-maringota-2024\/orchester-jeana-valjeana-festival-maringota-2024\/","og_locale":"en_US","og_type":"article","og_title":"\u2055 Orchester\u2028Jeana\u2028Valjeana \u2055 FEST MARINGOTA 2026","og_url":"https:\/\/festmaringota.sk\/en\/fest-maringota-2024\/orchester-jeana-valjeana-festival-maringota-2024\/","og_site_name":"FEST MARINGOTA 2026","article_publisher":"https:\/\/www.facebook.com\/MaringotaFest","article_published_time":"2024-03-03T22:17:18+00:00","article_modified_time":"2026-04-02T16:38:50+00:00","og_image":[{"width":895,"height":420,"url":"https:\/\/festmaringota.sk\/wp-content\/uploads\/2024\/03\/OJV-1.png","type":"image\/png"}],"author":"Viliam Zaj\u00ed\u010dek","twitter_card":"summary_large_image","twitter_misc":{"Written by":"Viliam Zaj\u00ed\u010dek","Est. reading time":"1 minute"},"schema":{"@context":"https:\/\/schema.org","@graph":[{"@type":"Article","@id":"https:\/\/festmaringota.sk\/en\/fest-maringota-2024\/orchester-jeana-valjeana-festival-maringota-2024\/#article","isPartOf":{"@id":"https:\/\/festmaringota.sk\/en\/fest-maringota-2024\/orchester-jeana-valjeana-festival-maringota-2024\/"},"author":{"name":"Viliam Zaj\u00ed\u010dek","@id":"https:\/\/festmaringota.sk\/#\/schema\/person\/d1d4afcecb7e4774ce071ac23f7804e0"},"headline":"Orchester\u2028Jeana\u2028Valjeana","datePublished":"2024-03-03T22:17:18+00:00","dateModified":"2026-04-02T16:38:50+00:00","mainEntityOfPage":{"@id":"https:\/\/festmaringota.sk\/en\/fest-maringota-2024\/orchester-jeana-valjeana-festival-maringota-2024\/"},"wordCount":87,"publisher":{"@id":"https:\/\/festmaringota.sk\/#organization"},"image":{"@id":"https:\/\/festmaringota.sk\/en\/fest-maringota-2024\/orchester-jeana-valjeana-festival-maringota-2024\/#primaryimage"},"thumbnailUrl":"https:\/\/festmaringota.sk\/wp-content\/uploads\/2024\/03\/OJV-1.png","keywords":["2024"],"articleSection":["2024"],"inLanguage":"en-US"},{"@type":"WebPage","@id":"https:\/\/festmaringota.sk\/en\/fest-maringota-2024\/orchester-jeana-valjeana-festival-maringota-2024\/","url":"https:\/\/festmaringota.sk\/en\/fest-maringota-2024\/orchester-jeana-valjeana-festival-maringota-2024\/","name":"\u2055 Orchester\u2028Jeana\u2028Valjeana \u2055 FEST MARINGOTA 2026","isPartOf":{"@id":"https:\/\/festmaringota.sk\/#website"},"primaryImageOfPage":{"@id":"https:\/\/festmaringota.sk\/en\/fest-maringota-2024\/orchester-jeana-valjeana-festival-maringota-2024\/#primaryimage"},"image":{"@id":"https:\/\/festmaringota.sk\/en\/fest-maringota-2024\/orchester-jeana-valjeana-festival-maringota-2024\/#primaryimage"},"thumbnailUrl":"https:\/\/festmaringota.sk\/wp-content\/uploads\/2024\/03\/OJV-1.png","datePublished":"2024-03-03T22:17:18+00:00","dateModified":"2026-04-02T16:38:50+00:00","description":"Legend\u00e1rny Orchester\u2028Jeana\u2028Valjeana vyst\u00fapi na Fest Maringota 2024 v plnej zostave \/ Festival Maringota 16.-18. august 2024 \/ Skalica","breadcrumb":{"@id":"https:\/\/festmaringota.sk\/en\/fest-maringota-2024\/orchester-jeana-valjeana-festival-maringota-2024\/#breadcrumb"},"inLanguage":"en-US","potentialAction":[{"@type":"ReadAction","target":["https:\/\/festmaringota.sk\/en\/fest-maringota-2024\/orchester-jeana-valjeana-festival-maringota-2024\/"]}]},{"@type":"ImageObject","inLanguage":"en-US","@id":"https:\/\/festmaringota.sk\/en\/fest-maringota-2024\/orchester-jeana-valjeana-festival-maringota-2024\/#primaryimage","url":"https:\/\/festmaringota.sk\/wp-content\/uploads\/2024\/03\/OJV-1.png","contentUrl":"https:\/\/festmaringota.sk\/wp-content\/uploads\/2024\/03\/OJV-1.png","width":895,"height":420,"caption":"Orchester\u2028Jeana\u2028Valjeana na Fest Maringota 2024"},{"@type":"BreadcrumbList","@id":"https:\/\/festmaringota.sk\/en\/fest-maringota-2024\/orchester-jeana-valjeana-festival-maringota-2024\/#breadcrumb","itemListElement":[{"@type":"ListItem","position":1,"name":"Domovsk\u00e1 str\u00e1nka","item":"https:\/\/festmaringota.sk\/"},{"@type":"ListItem","position":2,"name":"Orchester\u2028Jeana\u2028Valjeana"}]},{"@type":"WebSite","@id":"https:\/\/festmaringota.sk\/#website","url":"https:\/\/festmaringota.sk\/","name":"FEST MARINGOTA 2026","description":"Fest hudba, Fest z\u00e1bava, Fest Maringota","publisher":{"@id":"https:\/\/festmaringota.sk\/#organization"},"alternateName":"FEST MARINGOTA","potentialAction":[{"@type":"SearchAction","target":{"@type":"EntryPoint","urlTemplate":"https:\/\/festmaringota.sk\/?s={search_term_string}"},"query-input":{"@type":"PropertyValueSpecification","valueRequired":true,"valueName":"search_term_string"}}],"inLanguage":"en-US"},{"@type":"Organization","@id":"https:\/\/festmaringota.sk\/#organization","name":"Fest Maringota","alternateName":"maringota fest","url":"https:\/\/festmaringota.sk\/","logo":{"@type":"ImageObject","inLanguage":"en-US","@id":"https:\/\/festmaringota.sk\/#\/schema\/logo\/image\/","url":"https:\/\/festmaringota.sk\/wp-content\/uploads\/2023\/01\/cropped-maringota-logo-2.png","contentUrl":"https:\/\/festmaringota.sk\/wp-content\/uploads\/2023\/01\/cropped-maringota-logo-2.png","width":512,"height":512,"caption":"Fest Maringota"},"image":{"@id":"https:\/\/festmaringota.sk\/#\/schema\/logo\/image\/"},"sameAs":["https:\/\/www.facebook.com\/MaringotaFest","https:\/\/www.instagram.com\/festmaringota\/"]},{"@type":"Person","@id":"https:\/\/festmaringota.sk\/#\/schema\/person\/d1d4afcecb7e4774ce071ac23f7804e0","name":"Viliam Zaj\u00ed\u010dek","image":{"@type":"ImageObject","inLanguage":"en-US","@id":"https:\/\/secure.gravatar.com\/avatar\/d47c9041710caa342b31a77a33b7de9c05ac3c473a17ae8b944b07c86725658e?s=96&d=mm&r=g","url":"https:\/\/secure.gravatar.com\/avatar\/d47c9041710caa342b31a77a33b7de9c05ac3c473a17ae8b944b07c86725658e?s=96&d=mm&r=g","contentUrl":"https:\/\/secure.gravatar.com\/avatar\/d47c9041710caa342b31a77a33b7de9c05ac3c473a17ae8b944b07c86725658e?s=96&d=mm&r=g","caption":"Viliam Zaj\u00ed\u010dek"},"url":"https:\/\/festmaringota.sk\/en\/author\/vilo\/"}]}},"_links":{"self":[{"href":"https:\/\/festmaringota.sk\/en\/wp-json\/wp\/v2\/posts\/16830","targetHints":{"allow":["GET"]}}],"collection":[{"href":"https:\/\/festmaringota.sk\/en\/wp-json\/wp\/v2\/posts"}],"about":[{"href":"https:\/\/festmaringota.sk\/en\/wp-json\/wp\/v2\/types\/post"}],"author":[{"embeddable":true,"href":"https:\/\/festmaringota.sk\/en\/wp-json\/wp\/v2\/users\/2"}],"replies":[{"embeddable":true,"href":"https:\/\/festmaringota.sk\/en\/wp-json\/wp\/v2\/comments?post=16830"}],"version-history":[{"count":1,"href":"https:\/\/festmaringota.sk\/en\/wp-json\/wp\/v2\/posts\/16830\/revisions"}],"predecessor-version":[{"id":16832,"href":"https:\/\/festmaringota.sk\/en\/wp-json\/wp\/v2\/posts\/16830\/revisions\/16832"}],"wp:featuredmedia":[{"embeddable":true,"href":"https:\/\/festmaringota.sk\/en\/wp-json\/wp\/v2\/media\/16831"}],"wp:attachment":[{"href":"https:\/\/festmaringota.sk\/en\/wp-json\/wp\/v2\/media?parent=16830"}],"wp:term":[{"taxonomy":"category","embeddable":true,"href":"https:\/\/festmaringota.sk\/en\/wp-json\/wp\/v2\/categories?post=16830"},{"taxonomy":"post_tag","embeddable":true,"href":"https:\/\/festmaringota.sk\/en\/wp-json\/wp\/v2\/tags?post=16830"}],"curies":[{"name":"wp","href":"https:\/\/api.w.org\/{rel}","templated":true}]}}